{"id":208,"date":"2016-08-06T21:07:02","date_gmt":"2016-08-06T21:07:02","guid":{"rendered":"http:\/\/institutomusicalrenatobon.com.br\/revistarefletir\/?p=208"},"modified":"2016-08-07T02:07:53","modified_gmt":"2016-08-07T02:07:53","slug":"arrigo-barnabe-fogocita-schoenberg-a-quebra-do-sistema-tonal-na-mpb","status":"publish","type":"post","link":"http:\/\/institutomusicalrenatobon.com.br\/revistarefletir\/2016\/08\/06\/arrigo-barnabe-fogocita-schoenberg-a-quebra-do-sistema-tonal-na-mpb\/","title":{"rendered":"ARRIGO BARNAB\u00c9 FAGOCITA SCHOENBERG: A QUEBRA DO SISTEMA TONAL NA MPB"},"content":{"rendered":"<p style=\"padding-left: 390px;\">Renato Bon<\/p>\n<p>Texto Completo:\u00a0<a href=\"http:\/\/institutomusicalrenatobon.com.br\/revistarefletir\/wp-content\/uploads\/2016\/08\/BON-Renato-ARRIGO-BARNAB\u00c9-FAGOCITA-SCHOENBERG.pdf\"><img loading=\"lazy\" decoding=\"async\" class=\"alignnone wp-image-410\" src=\"http:\/\/institutomusicalrenatobon.com.br\/wp-content\/uploads\/2015\/07\/PDF-200x127.jpg\" alt=\"PDF\" width=\"80\" height=\"51\" \/><\/a><\/p>\n<p><span style=\"color: #ff0000;\">\u2022<\/span> \u00a0 \u00a0<strong>\u00a0<\/strong><strong>RESUMO<\/strong><\/p>\n<p style=\"text-align: justify; padding-left: 60px;\">O presente artigo pretende demonstrar a inser\u00e7\u00e3o \u2013 feita por Arrigo Barnab\u00e9 na MPB \u2013 de t\u00e9cnicas composicionais, tem\u00e1ticas e tratamentos da voz, desenvolvidos por Schoenberg na primeira metade do s\u00e9culo XX. As demonstra\u00e7\u00f5es apontam tais atributos composicionais, encontrados na obra de Arrigo, atrav\u00e9s de an\u00e1lises musicais e comparativas de can\u00e7\u00f5es selecionadas.<\/p>\n<p><span style=\"color: #ff0000;\">\u2022<\/span> \u00a0 \u00a0\u00a0<strong>PALAVRAS-CHAVE<\/strong><\/p>\n<p style=\"padding-left: 60px;\">Arrigo Barnab\u00e9, Atonalismo, Can\u00e7\u00e3o Popular Brasileira<\/p>\n<p><span style=\"color: #ff0000;\">\u2022<\/span> \u00a0 \u00a0\u00a0<strong>O AUTOR<\/strong><\/p>\n<p style=\"text-align: justify; padding-left: 60px;\">Renato Bon \u00e9 p\u00f3s-graduado em \u201cCan\u00e7\u00e3o Popular: Cria\u00e7\u00e3o, Produ\u00e7\u00e3o Musical e Performance\u201d pela FASM (2016),\u00a0 Bacharel em composi\u00e7\u00e3o pela FAAM (2009). Ganhador do premio \u201cJovem Compositor\u201d promovido pela Banda Sinf\u00f4nica Jovem do Estado de S\u00e3o Paulo (EMESP) em 2010 teve sua pe\u00e7a para Banda sinf\u00f4nica registrada em \u00e1udio e v\u00eddeo executada pela mesma institui\u00e7\u00e3o estreada no mesmo ano no Memorial da America Latina. Al\u00e9m de compositor tem trabalhos publicados como arranjador, instrumentista e pesquisador na \u00e1rea de musicologia. Fundou seu pr\u00f3prio instituto musical em agosto de 2012 onde trabalha como diretor, professor e editor chefe da revista acad\u00eamica <em>Revista<\/em> <em>Refletir<\/em> fundada por ele em 2015.<\/p>\n<p style=\"padding-left: 60px;\">\u00a0<a href=\"http:\/\/lattes.cnpq.br\/4512197482211111\">http:\/\/lattes.cnpq.br\/4512197482211111<\/a><\/p>\n<p style=\"padding-left: 60px;\"><img loading=\"lazy\" decoding=\"async\" class=\"alignnone size-medium wp-image-123\" src=\"http:\/\/institutomusicalrenatobon.com.br\/revistarefletir\/wp-content\/uploads\/2016\/01\/Renat\u00e3o-300x200.jpg\" alt=\"Renat\u00e3o\" width=\"300\" height=\"200\" srcset=\"http:\/\/institutomusicalrenatobon.com.br\/revistarefletir\/wp-content\/uploads\/2016\/01\/Renat\u00e3o-300x200.jpg 300w, http:\/\/institutomusicalrenatobon.com.br\/revistarefletir\/wp-content\/uploads\/2016\/01\/Renat\u00e3o.jpg 604w\" sizes=\"auto, (max-width: 300px) 100vw, 300px\" \/><\/p>\n","protected":false},"excerpt":{"rendered":"<p>Renato Bon Texto Completo:\u00a0 \u2022 \u00a0 \u00a0\u00a0RESUMO O presente artigo pretende demonstrar a inser\u00e7\u00e3o \u2013 feita por Arrigo Barnab\u00e9 na MPB \u2013 de t\u00e9cnicas composicionais, tem\u00e1ticas e tratamentos da voz, desenvolvidos por Schoenberg na primeira metade do s\u00e9culo XX. As demonstra\u00e7\u00f5es apontam tais atributos composicionais, encontrados na obra de Arrigo, atrav\u00e9s de an\u00e1lises musicais e &hellip; <a href=\"http:\/\/institutomusicalrenatobon.com.br\/revistarefletir\/2016\/08\/06\/arrigo-barnabe-fogocita-schoenberg-a-quebra-do-sistema-tonal-na-mpb\/\" class=\"more-link\">Continue reading <span class=\"screen-reader-text\">ARRIGO BARNAB\u00c9 FAGOCITA SCHOENBERG: A QUEBRA DO SISTEMA TONAL NA MPB<\/span> <span class=\"meta-nav\">&rarr;<\/span><\/a><\/p>\n","protected":false},"author":1,"featured_media":0,"comment_status":"open","ping_status":"open","sticky":false,"template":"","format":"standard","meta":{"footnotes":""},"categories":[1],"tags":[],"class_list":["post-208","post","type-post","status-publish","format-standard","hentry","category-uncategorized"],"_links":{"self":[{"href":"http:\/\/institutomusicalrenatobon.com.br\/revistarefletir\/wp-json\/wp\/v2\/posts\/208","targetHints":{"allow":["GET"]}}],"collection":[{"href":"http:\/\/institutomusicalrenatobon.com.br\/revistarefletir\/wp-json\/wp\/v2\/posts"}],"about":[{"href":"http:\/\/institutomusicalrenatobon.com.br\/revistarefletir\/wp-json\/wp\/v2\/types\/post"}],"author":[{"embeddable":true,"href":"http:\/\/institutomusicalrenatobon.com.br\/revistarefletir\/wp-json\/wp\/v2\/users\/1"}],"replies":[{"embeddable":true,"href":"http:\/\/institutomusicalrenatobon.com.br\/revistarefletir\/wp-json\/wp\/v2\/comments?post=208"}],"version-history":[{"count":6,"href":"http:\/\/institutomusicalrenatobon.com.br\/revistarefletir\/wp-json\/wp\/v2\/posts\/208\/revisions"}],"predecessor-version":[{"id":237,"href":"http:\/\/institutomusicalrenatobon.com.br\/revistarefletir\/wp-json\/wp\/v2\/posts\/208\/revisions\/237"}],"wp:attachment":[{"href":"http:\/\/institutomusicalrenatobon.com.br\/revistarefletir\/wp-json\/wp\/v2\/media?parent=208"}],"wp:term":[{"taxonomy":"category","embeddable":true,"href":"http:\/\/institutomusicalrenatobon.com.br\/revistarefletir\/wp-json\/wp\/v2\/categories?post=208"},{"taxonomy":"post_tag","embeddable":true,"href":"http:\/\/institutomusicalrenatobon.com.br\/revistarefletir\/wp-json\/wp\/v2\/tags?post=208"}],"curies":[{"name":"wp","href":"https:\/\/api.w.org\/{rel}","templated":true}]}}