{"id":195,"date":"2016-08-06T20:35:37","date_gmt":"2016-08-06T20:35:37","guid":{"rendered":"http:\/\/institutomusicalrenatobon.com.br\/revistarefletir\/?p=195"},"modified":"2016-08-06T21:39:45","modified_gmt":"2016-08-06T21:39:45","slug":"a-musica-guarani-mbya-no-sudoeste-brasileiro-e-seus-grupos-de-pratica-musical","status":"publish","type":"post","link":"http:\/\/institutomusicalrenatobon.com.br\/revistarefletir\/2016\/08\/06\/a-musica-guarani-mbya-no-sudoeste-brasileiro-e-seus-grupos-de-pratica-musical\/","title":{"rendered":"A M\u00daSICA GUARANI MBY\u00c1 NO SUDOESTE BRASILEIRO E SEUS GRUPOS DE PR\u00c1TICA MUSICAL"},"content":{"rendered":"<p style=\"padding-left: 360px;\">Klaus Wernet<\/p>\n<p>Texto Completo:\u00a0<a href=\"http:\/\/institutomusicalrenatobon.com.br\/revistarefletir\/wp-content\/uploads\/2016\/08\/WERNETKlaus-A-M\u00daSICA-GUARANI-MBY\u00c1-Revista-Refletir.pdf\"><img loading=\"lazy\" decoding=\"async\" class=\"alignnone wp-image-410\" src=\"http:\/\/institutomusicalrenatobon.com.br\/wp-content\/uploads\/2015\/07\/PDF-200x127.jpg\" alt=\"PDF\" width=\"80\" height=\"51\" \/><\/a><\/p>\n<p><span style=\"color: #ff0000;\">\u2022 \u00a0 \u00a0<strong>\u00a0<\/strong><\/span><strong>RESUMO<\/strong><\/p>\n<p style=\"text-align: justify; padding-left: 60px;\"><strong>\u00a0\u00a0\u00a0\u00a0\u00a0\u00a0\u00a0\u00a0\u00a0\u00a0 <\/strong>Desde o final da d\u00e9cada de noventa, notamos que cada vez mais comunidades tradicionais ind\u00edgenas brasileiras se re\u00fanem para formar grupos \u00a0musicais, visando apresenta\u00e7\u00f5es dentro e fora das comunidades. Estes grupos\u00a0 mant\u00e9m caracter\u00edsticas muito pr\u00f3ximas aos moldes ocidentais , al\u00e9m de, naturalmente carregarem suas especificidades. No que diz respeito aos Guarani, diversos repert\u00f3rios s\u00e3o praticados, desde m\u00fasicas que seriam vistas por \u201cn\u00f3s\u201d como \u201ctradicionais\u201d, at\u00e9 m\u00fasicas vinculadas aos g\u00eaneros presentes nas grandes m\u00eddias, como Forr\u00f3 de teclado e Rap, entre outros. Pretendemos aqui apresentar um pouco deste cen\u00e1rio, assim como, um circuito que configura uma rede de contato moldada justamente pela cria\u00e7\u00e3o e circula\u00e7\u00e3o destes grupos de m\u00fasica.<\/p>\n<p><strong>\u00a0<span style=\"color: #ff0000;\">\u2022 \u00a0 \u00a0\u00a0<\/span>PALAVRAS-CHAVE<\/strong><\/p>\n<p style=\"padding-left: 60px;\">M\u00fasica Guarani Mby\u00e1, Cultura Ind\u00edgena Brasileira<\/p>\n<p><span style=\"color: #000000;\"><strong>\u00a0<span style=\"color: #ff0000;\">\u2022 \u00a0 \u00a0\u00a0<\/span>O AUTOR<\/strong><\/span><\/p>\n<p style=\"text-align: justify; padding-left: 60px;\">\u00a0 \u00a0 \u00a0 \u00a0 \u00a0 \u00a0 \u00a0 Klaus Wernet \u00e9 doutorando em etnomusicologia pela Universidade de S\u00e3o Paulo\u00a0 -USP, Mestre em M\u00fasica pelo Departamento de M\u00fasica da ECA &#8211; USP. Estudou tamb\u00e9m no Conservat\u00f3rio de Tatu\u00ed, na ULM &#8211; Universidade Livre de M\u00fasica &#8211; e fez o curso de ritmos brasileiros pelo projeto de difus\u00e3o cultural do Departamento de M\u00fasica da USP. Nestas institui\u00e7\u00f5es fez aulas com os m\u00fasicos e intelectuais como Hans Joachim Koellreutter, Arrigo Barnab\u00e9, Ari Colares, Man\u00e9 Silveira, Fl\u00e1via Toni, Arnaldo D. Contier, Nicolau Sevcenko, Jos\u00e9 Miguel Wisnik, e Ecl\u00e9a Bosi.<\/p>\n<p style=\"text-align: justify; padding-left: 60px;\">\u00a0\u00a0\u00a0\u00a0\u00a0\u00a0\u00a0\u00a0\u00a0\u00a0\u00a0 Como Violoncelista atuou na <em>Orquestra Jovem do Estado \u2013 Tatu\u00ed<\/em>, durante os anos de 2000 \u2013 2002. Junto ao <em>grupo trans de m\u00fasica contempor\u00e2nea <\/em>e \u00e0 <em>companhia Minik Mondo de teatro &#8211; dan\u00e7a<\/em>. Com estes grupos tocou em diversos lugares como no Centro Cultural S\u00e3o Paulo, Centro Cultural da Juventude, no Pa\u00e7o das Artes, na Universidade livre de m\u00fasica, na Casa da Palavra, Memorial da Am\u00e9rica Latina, Galeria Olido, SESC entre outros. Em 2009 foi respons\u00e1vel pela dire\u00e7\u00e3o musical do espet\u00e1culo N\u00fas Vestidos e em 2016 pelo espet\u00e1culo Vesica Pices. De 2010 \u00e0 2015 integrou a <em>orquestra de berimbaus do morro do querosene<\/em> assim como foi m\u00fasico na pe\u00e7a <em>urubu come carni\u00e7a e voa <\/em>da companhia <em>clari\u00f4<\/em> <em>de teatro.<\/em><\/p>\n<p style=\"text-align: justify; padding-left: 60px;\">\u00a0\u00a0\u00a0\u00a0\u00a0\u00a0\u00a0\u00a0\u00a0\u00a0\u00a0 Como educador ministrou oficina de introdu\u00e7\u00e3o a linguagem musical e capacita\u00e7\u00e3o dos educadores do MAM \/ SP \u2013 Museu de Arte Moderna de S\u00e3o Paulo \u2013 para a exposi\u00e7\u00e3o dos instrumentos musicais inventados por Walter Smetak, ministrou tamb\u00e9m oficina sobre composi\u00e7\u00e3o musical e constru\u00e7\u00e3o de paisagens sonoras no N\u00facleo Tendal da Lapa, pelo Projeto Vocacional &#8211; da Secretaria Municipal de Cultura de S\u00e3o Paulo, participou do Protejo\/Osasco &#8211; do Governo Federal e desde 2006 da aulas na UNIP \u2013 Universidade Paulista &#8211; de mat\u00e9rias que estudam o ser humano e a produ\u00e7\u00e3o cultural do mesmo.<\/p>\n<p style=\"text-align: justify; padding-left: 60px;\"><a href=\"http:\/\/lattes.cnpq.br\/9876993628752155\">http:\/\/lattes.cnpq.br\/9876993628752155<\/a><strong><br \/>\n<\/strong><\/p>\n<p style=\"text-align: justify; padding-left: 120px;\"><img loading=\"lazy\" decoding=\"async\" class=\"alignnone size-medium wp-image-228\" src=\"http:\/\/institutomusicalrenatobon.com.br\/revistarefletir\/wp-content\/uploads\/2016\/08\/Klaus-300x234.jpg\" alt=\"Klaus\" width=\"300\" height=\"234\" srcset=\"http:\/\/institutomusicalrenatobon.com.br\/revistarefletir\/wp-content\/uploads\/2016\/08\/Klaus-300x234.jpg 300w, http:\/\/institutomusicalrenatobon.com.br\/revistarefletir\/wp-content\/uploads\/2016\/08\/Klaus.jpg 515w\" sizes=\"auto, (max-width: 300px) 100vw, 300px\" \/><\/p>\n","protected":false},"excerpt":{"rendered":"<p>Klaus Wernet Texto Completo:\u00a0 \u2022 \u00a0 \u00a0\u00a0RESUMO \u00a0\u00a0\u00a0\u00a0\u00a0\u00a0\u00a0\u00a0\u00a0\u00a0 Desde o final da d\u00e9cada de noventa, notamos que cada vez mais comunidades tradicionais ind\u00edgenas brasileiras se re\u00fanem para formar grupos \u00a0musicais, visando apresenta\u00e7\u00f5es dentro e fora das comunidades. Estes grupos\u00a0 mant\u00e9m caracter\u00edsticas muito pr\u00f3ximas aos moldes ocidentais , al\u00e9m de, naturalmente carregarem suas especificidades. No que &hellip; <a href=\"http:\/\/institutomusicalrenatobon.com.br\/revistarefletir\/2016\/08\/06\/a-musica-guarani-mbya-no-sudoeste-brasileiro-e-seus-grupos-de-pratica-musical\/\" class=\"more-link\">Continue reading <span class=\"screen-reader-text\">A M\u00daSICA GUARANI MBY\u00c1 NO SUDOESTE BRASILEIRO E SEUS GRUPOS DE PR\u00c1TICA MUSICAL<\/span> <span class=\"meta-nav\">&rarr;<\/span><\/a><\/p>\n","protected":false},"author":1,"featured_media":0,"comment_status":"open","ping_status":"open","sticky":false,"template":"","format":"standard","meta":{"footnotes":""},"categories":[1],"tags":[],"class_list":["post-195","post","type-post","status-publish","format-standard","hentry","category-uncategorized"],"_links":{"self":[{"href":"http:\/\/institutomusicalrenatobon.com.br\/revistarefletir\/wp-json\/wp\/v2\/posts\/195","targetHints":{"allow":["GET"]}}],"collection":[{"href":"http:\/\/institutomusicalrenatobon.com.br\/revistarefletir\/wp-json\/wp\/v2\/posts"}],"about":[{"href":"http:\/\/institutomusicalrenatobon.com.br\/revistarefletir\/wp-json\/wp\/v2\/types\/post"}],"author":[{"embeddable":true,"href":"http:\/\/institutomusicalrenatobon.com.br\/revistarefletir\/wp-json\/wp\/v2\/users\/1"}],"replies":[{"embeddable":true,"href":"http:\/\/institutomusicalrenatobon.com.br\/revistarefletir\/wp-json\/wp\/v2\/comments?post=195"}],"version-history":[{"count":6,"href":"http:\/\/institutomusicalrenatobon.com.br\/revistarefletir\/wp-json\/wp\/v2\/posts\/195\/revisions"}],"predecessor-version":[{"id":229,"href":"http:\/\/institutomusicalrenatobon.com.br\/revistarefletir\/wp-json\/wp\/v2\/posts\/195\/revisions\/229"}],"wp:attachment":[{"href":"http:\/\/institutomusicalrenatobon.com.br\/revistarefletir\/wp-json\/wp\/v2\/media?parent=195"}],"wp:term":[{"taxonomy":"category","embeddable":true,"href":"http:\/\/institutomusicalrenatobon.com.br\/revistarefletir\/wp-json\/wp\/v2\/categories?post=195"},{"taxonomy":"post_tag","embeddable":true,"href":"http:\/\/institutomusicalrenatobon.com.br\/revistarefletir\/wp-json\/wp\/v2\/tags?post=195"}],"curies":[{"name":"wp","href":"https:\/\/api.w.org\/{rel}","templated":true}]}}