{"id":190,"date":"2016-08-05T00:43:04","date_gmt":"2016-08-05T00:43:04","guid":{"rendered":"http:\/\/institutomusicalrenatobon.com.br\/revistarefletir\/?p=190"},"modified":"2016-08-06T21:31:46","modified_gmt":"2016-08-06T21:31:46","slug":"da-valsa-terna-saudade-a-cancao-por-um-beijo-regravada-em-1998-um-seculo-de-historia-e-de-cancao","status":"publish","type":"post","link":"http:\/\/institutomusicalrenatobon.com.br\/revistarefletir\/2016\/08\/05\/da-valsa-terna-saudade-a-cancao-por-um-beijo-regravada-em-1998-um-seculo-de-historia-e-de-cancao\/","title":{"rendered":"DA VALSA \u201cTERNA SAUDADE\u201d \u00c0 CAN\u00c7\u00c3O \u201cPOR UM BEIJO\u201d REGRAVADA EM 1998: UM S\u00c9CULO DE HIST\u00d3RIA E DE CAN\u00c7\u00c3O"},"content":{"rendered":"<p style=\"padding-left: 270px;\">Talita de Carvalho Bertolini<\/p>\n<p>Texto Completo:\u00a0<a href=\"http:\/\/institutomusicalrenatobon.com.br\/revistarefletir\/wp-content\/uploads\/2016\/08\/BERTOLINI-T.-C.-Por-um-beijo-Anacleto-Revista-Refletir.pdf\"><img loading=\"lazy\" decoding=\"async\" class=\"alignnone wp-image-410\" src=\"http:\/\/institutomusicalrenatobon.com.br\/wp-content\/uploads\/2015\/07\/PDF-200x127.jpg\" alt=\"PDF\" width=\"80\" height=\"51\" \/><\/a><\/p>\n<p><span style=\"color: #ff0000;\">\u2022 \u00a0 \u00a0<strong>\u00a0<\/strong><\/span><strong>RESUMO<\/strong><\/p>\n<p style=\"text-align: justify; padding-left: 60px;\">Este artigo analisa a can\u00e7\u00e3o \u201cPor um beijo\u201d, composta por Anacleto de Medeiros e Catulo da Paix\u00e3o Cearense na vers\u00e3o da V\u00e2nia Bastos cantando, em 1998, junto ao CD elaborado pela telenovela \u201cFascina\u00e7\u00e3o\u201d, realizada no mesmo ano, pela emissora SBT (Sistema Brasileiro de Televis\u00e3o). O objetivo \u00e9 tra\u00e7ar um panorama hist\u00f3rico da can\u00e7\u00e3o, desde quando ela foi composta em 1905, possivelmente, mostrando como de uma valsa, chamada \u201cTerna Saudade\u201d, de Anacleto de Medeiros, alterou-se para a can\u00e7\u00e3o em forma de modinha, \u201cPor um beijo\u201d, de Catulo da Paix\u00e3o Cearense al\u00e9m de como a regrava\u00e7\u00e3o feita em 1998, na voz de V\u00e2nia Bastos, \u00e9 contextualizada no per\u00edodo dos anos 1990. Analisaremos tamb\u00e9m, como quest\u00f5es pol\u00edtico, econ\u00f4mico e sociais s\u00e3o determinantes para atuarem sobre o contexto musical de uma \u00e9poca.<\/p>\n<p><strong>\u00a0<span style=\"color: #ff0000;\">\u2022 \u00a0 \u00a0\u00a0<\/span><strong>PALAVRAS-CHAVE<\/strong><\/strong><\/p>\n<p style=\"padding-left: 60px;\">Can\u00e7\u00e3o Popular Brasileira, Por Um Beijo, Anacleto de Medeiros, V\u00e2nia Bastos<\/p>\n<p><span style=\"color: #000000;\"><strong>\u00a0<span style=\"color: #ff0000;\">\u2022 \u00a0 \u00a0\u00a0<\/span>O AUTOR<\/strong><\/span><\/p>\n<p style=\"padding-left: 60px;\">Bacharel em Ci\u00eancias Sociais pela USP e P\u00f3s-graduanda em Fundamentos da Cultura e das Artes pela UNESP<\/p>\n<p style=\"padding-left: 60px;\"><span style=\"color: #0000ff;\">http:\/\/lattes.cnpq.br\/1652092145830615<\/span><\/p>\n<p style=\"padding-left: 60px;\"><img loading=\"lazy\" decoding=\"async\" class=\"alignnone size-medium wp-image-220\" src=\"http:\/\/institutomusicalrenatobon.com.br\/revistarefletir\/wp-content\/uploads\/2016\/08\/TALITA-225x300.jpg\" alt=\"TALITA\" width=\"225\" height=\"300\" srcset=\"http:\/\/institutomusicalrenatobon.com.br\/revistarefletir\/wp-content\/uploads\/2016\/08\/TALITA-225x300.jpg 225w, http:\/\/institutomusicalrenatobon.com.br\/revistarefletir\/wp-content\/uploads\/2016\/08\/TALITA.jpg 480w\" sizes=\"auto, (max-width: 225px) 100vw, 225px\" \/><\/p>\n<p>&nbsp;<\/p>\n<p>&nbsp;<\/p>\n","protected":false},"excerpt":{"rendered":"<p>Talita de Carvalho Bertolini Texto Completo:\u00a0 \u2022 \u00a0 \u00a0\u00a0RESUMO Este artigo analisa a can\u00e7\u00e3o \u201cPor um beijo\u201d, composta por Anacleto de Medeiros e Catulo da Paix\u00e3o Cearense na vers\u00e3o da V\u00e2nia Bastos cantando, em 1998, junto ao CD elaborado pela telenovela \u201cFascina\u00e7\u00e3o\u201d, realizada no mesmo ano, pela emissora SBT (Sistema Brasileiro de Televis\u00e3o). O objetivo &hellip; <a href=\"http:\/\/institutomusicalrenatobon.com.br\/revistarefletir\/2016\/08\/05\/da-valsa-terna-saudade-a-cancao-por-um-beijo-regravada-em-1998-um-seculo-de-historia-e-de-cancao\/\" class=\"more-link\">Continue reading <span class=\"screen-reader-text\">DA VALSA \u201cTERNA SAUDADE\u201d \u00c0 CAN\u00c7\u00c3O \u201cPOR UM BEIJO\u201d REGRAVADA EM 1998: UM S\u00c9CULO DE HIST\u00d3RIA E DE CAN\u00c7\u00c3O<\/span> <span class=\"meta-nav\">&rarr;<\/span><\/a><\/p>\n","protected":false},"author":1,"featured_media":0,"comment_status":"open","ping_status":"open","sticky":false,"template":"","format":"standard","meta":{"footnotes":""},"categories":[1],"tags":[],"class_list":["post-190","post","type-post","status-publish","format-standard","hentry","category-uncategorized"],"_links":{"self":[{"href":"http:\/\/institutomusicalrenatobon.com.br\/revistarefletir\/wp-json\/wp\/v2\/posts\/190","targetHints":{"allow":["GET"]}}],"collection":[{"href":"http:\/\/institutomusicalrenatobon.com.br\/revistarefletir\/wp-json\/wp\/v2\/posts"}],"about":[{"href":"http:\/\/institutomusicalrenatobon.com.br\/revistarefletir\/wp-json\/wp\/v2\/types\/post"}],"author":[{"embeddable":true,"href":"http:\/\/institutomusicalrenatobon.com.br\/revistarefletir\/wp-json\/wp\/v2\/users\/1"}],"replies":[{"embeddable":true,"href":"http:\/\/institutomusicalrenatobon.com.br\/revistarefletir\/wp-json\/wp\/v2\/comments?post=190"}],"version-history":[{"count":4,"href":"http:\/\/institutomusicalrenatobon.com.br\/revistarefletir\/wp-json\/wp\/v2\/posts\/190\/revisions"}],"predecessor-version":[{"id":224,"href":"http:\/\/institutomusicalrenatobon.com.br\/revistarefletir\/wp-json\/wp\/v2\/posts\/190\/revisions\/224"}],"wp:attachment":[{"href":"http:\/\/institutomusicalrenatobon.com.br\/revistarefletir\/wp-json\/wp\/v2\/media?parent=190"}],"wp:term":[{"taxonomy":"category","embeddable":true,"href":"http:\/\/institutomusicalrenatobon.com.br\/revistarefletir\/wp-json\/wp\/v2\/categories?post=190"},{"taxonomy":"post_tag","embeddable":true,"href":"http:\/\/institutomusicalrenatobon.com.br\/revistarefletir\/wp-json\/wp\/v2\/tags?post=190"}],"curies":[{"name":"wp","href":"https:\/\/api.w.org\/{rel}","templated":true}]}}